{"id":836,"date":"2011-04-11T23:50:47","date_gmt":"2011-04-11T21:50:47","guid":{"rendered":"http:\/\/altensis.com\/en\/?p=836"},"modified":"2011-04-11T23:50:47","modified_gmt":"2011-04-11T21:50:47","slug":"altensis-portfoyundeki-sertifikalandirilmis-yesil-bina-sayisini-yil-sonuna-kadar-15in-uzerine-cikaracak","status":"publish","type":"post","link":"https:\/\/www.altensis.com\/en\/2011\/04\/11\/altensis-portfoyundeki-sertifikalandirilmis-yesil-bina-sayisini-yil-sonuna-kadar-15in-uzerine-cikaracak\/","title":{"rendered":"Altensis Portf\u00f6y\u00fcndeki Sertifikaland\u0131r\u0131lm\u0131\u015f Ye\u015fil Bina Say\u0131s\u0131n\u0131 Y\u0131l Sonuna Kadar 15&#8217;in \u00dczerine \u00c7\u0131karacak"},"content":{"rendered":"<p>Yap\u0131 End\u00fcstri Merkezi&#8217;nin haberi i\u00e7in <a href=\"http:\/\/www.yapi.com.tr\/Sektorden\/altensis-portfoyundeki-sertifikalandirilmis-yesil-bina-sayisini-yil-sonuna-kadar-15in-uzerine-cikaracak_86725.html\" target=\"_blank\">t\u0131klay\u0131n<\/a>&#8230;<\/p>\n","protected":false},"excerpt":{"rendered":"<p>Yap\u0131 End\u00fcstri Merkezi&#8217;nin haberi i\u00e7in t\u0131klay\u0131n&#8230;<\/p>\n","protected":false},"author":1,"featured_media":0,"comment_status":"open","ping_status":"open","sticky":false,"template":"","format":"standard","meta":{"_mi_skip_tracking":false},"categories":[3],"tags":[],"_links":{"self":[{"href":"https:\/\/www.altensis.com\/en\/wp-json\/wp\/v2\/posts\/836"}],"collection":[{"href":"https:\/\/www.altensis.com\/en\/wp-json\/wp\/v2\/posts"}],"about":[{"href":"https:\/\/www.altensis.com\/en\/wp-json\/wp\/v2\/types\/post"}],"author":[{"embeddable":true,"href":"https:\/\/www.altensis.com\/en\/wp-json\/wp\/v2\/users\/1"}],"replies":[{"embeddable":true,"href":"https:\/\/www.altensis.com\/en\/wp-json\/wp\/v2\/comments?post=836"}],"version-history":[{"count":0,"href":"https:\/\/www.altensis.com\/en\/wp-json\/wp\/v2\/posts\/836\/revisions"}],"wp:attachment":[{"href":"https:\/\/www.altensis.com\/en\/wp-json\/wp\/v2\/media?parent=836"}],"wp:term":[{"taxonomy":"category","embeddable":true,"href":"https:\/\/www.altensis.com\/en\/wp-json\/wp\/v2\/categories?post=836"},{"taxonomy":"post_tag","embeddable":true,"href":"https:\/\/www.altensis.com\/en\/wp-json\/wp\/v2\/tags?post=836"}],"curies":[{"name":"wp","href":"https:\/\/api.w.org\/{rel}","templated":true}]}}