{"id":699,"date":"2011-04-15T23:17:24","date_gmt":"2011-04-15T21:17:24","guid":{"rendered":"http:\/\/altensis.com\/en\/?p=699"},"modified":"2011-04-15T23:17:24","modified_gmt":"2011-04-15T21:17:24","slug":"yesil-bina-tasariminin-yol-haritasi-yemde-cizildi","status":"publish","type":"post","link":"https:\/\/www.altensis.com\/en\/2011\/04\/15\/yesil-bina-tasariminin-yol-haritasi-yemde-cizildi\/","title":{"rendered":"Altensis Ye\u015fil Bina Tasar\u0131m\u0131n\u0131n Yol Haritas\u0131n\u0131 YEM&#8217;de \u00c7izdi"},"content":{"rendered":"<p><strong><img decoding=\"async\" loading=\"lazy\" class=\"alignleft size-full wp-image-700\" title=\"yem_workshop_1\" src=\"https:\/\/www.altensis.com\/en\/wp-content\/uploads\/2011\/04\/yem_workshop_1.jpg\" alt=\"\" width=\"490\" height=\"313\" srcset=\"https:\/\/www.altensis.com\/en\/wp-content\/uploads\/2011\/04\/yem_workshop_1.jpg 490w, https:\/\/www.altensis.com\/en\/wp-content\/uploads\/2011\/04\/yem_workshop_1-300x192.jpg 300w\" sizes=\"(max-width: 490px) 100vw, 490px\" \/><\/strong><\/p>\n<p><strong>Yap\u0131-End\u00fcstri Merkezi (YEM)<\/strong> taraf\u0131ndan d\u00f6rd\u00fcnc\u00fcs\u00fc ger\u00e7ekle\u015ftirilen\u00a0<strong>\u201cEKODesign Konferans\u0131 2011\u201d<\/strong> kapsam\u0131nda bug\u00fcn (15 Nisan 2011) d\u00fczenlenen\u00a0<strong>&#8220;Ye\u015fil Bina Tasar\u0131m\u0131 i\u00e7in Yol Haritas\u0131&#8221;<\/strong> at\u00f6lye \u00e7al\u0131\u015fmas\u0131nda, yurt i\u00e7i ve yurt d\u0131\u015f\u0131nda hayata ge\u00e7irilen\u00a0<strong>LEED<\/strong> ve\u00a0<strong>BREEAM<\/strong> uygulamalar\u0131,\u00a0<strong>Altensis<\/strong>&#8216;in deneyimleri \u00fczerinden kat\u0131l\u0131mc\u0131lar ile payla\u015f\u0131ld\u0131. Altensis kurucu ortaklar\u0131<strong> Berkay Somal\u0131<\/strong> ve\u00a0<strong>Serkan Emin<\/strong>&#8216;in, ye\u015fil bina sertifikalar\u0131 ile ilgili ayr\u0131nt\u0131l\u0131 sunumlar\u0131, at\u00f6lye kat\u0131l\u0131mc\u0131lar\u0131n\u0131n sorular\u0131 ve katk\u0131lar\u0131 ile daha da zenginle\u015fti.<\/p>\n<p><strong>&#8220;Ye\u015fil Bina Yol Haritas\u0131&#8221;, &#8220;Sertifika Alan Projelere Bak\u0131\u015f&#8221;<\/strong> ve<strong> &#8220;Uygulama \u00d6rnekleri&#8221;<\/strong> olmak \u00fczere \u00fc\u00e7 b\u00f6l\u00fcmde ger\u00e7ekle\u015fen at\u00f6lye \u00e7al\u0131\u015fmas\u0131nda, T\u00fcrkiye&#8217;de, Altensis dan\u0131\u015fmanl\u0131\u011f\u0131nda LEED ve BREEAM sertifikas\u0131 alan \u015fu projeler, vaka et\u00fcd\u00fc \u015feklinde ayr\u0131nt\u0131l\u0131 olarak incelendi:<\/p>\n<p><strong>Unilever Merkez Ofisi<\/strong> \u2013 LEED Silver (T\u00fcrkiye&#8217;nin ilk LEED sertifikal\u0131 projesi)<br \/>\n<strong>Philips Merkez Ofisi<\/strong> \u2013 LEED Silver<br \/>\n<strong>Turkish Engine Center<\/strong> <strong>(TEC) <\/strong>&#8211; LEED Gold<br \/>\n<strong>Eser Holding Binas\u0131 <\/strong>\u2013 LEED Platin (T\u00fcrkiye&#8217;nin ilk LEED Platin sertifikal\u0131 projesi, ayn\u0131 zamanda uluslararas\u0131 s\u0131ralamada ilk 10&#8217;a girdi)<br \/>\n<strong>Tekfen Levent Ofis<\/strong> \u2013 LEED Gold (T\u00fcrkiye&#8217;nin ticari yap\u0131lar kategorisinde ilk LEED Gold sertifikal\u0131 projesi)<br \/>\n<strong>Toyota (Onat\u00e7a) Adana<\/strong> \u2013 BREEAm Very Good<br \/>\n<strong>Sabanc\u0131 Nanoteknoloji Binas\u0131<\/strong> \u2013 LEED Gold ve BREEAM Very Good<\/p>\n<p><strong>On Basamakta &#8220;Ye\u015fil Bina Yol Haritas\u0131&#8221;<\/strong><\/p>\n<p>Ye\u015fil bina tasar\u0131m\u0131 izlenmesi gereken s\u00fcreci ad\u0131m ad\u0131m aktaran Berkay Somal\u0131 ve Serkan Emin; ye\u015fil bina sertifikasyon s\u00fcrecinde dan\u0131\u015fmanl\u0131k ve denetim hizmeti sunan Altensis&#8217;in konuya &#8220;ye\u015fil bina tasar\u0131m\u0131&#8221;n\u0131n \u00f6tesinde,\u00a0<strong>&#8220;s\u00fcrd\u00fcr\u00fclebilirlik y\u00f6netimi&#8221;<\/strong> \u015feklinde yakla\u015ft\u0131\u011f\u0131na dikkat \u00e7ekti. Yat\u0131r\u0131mc\u0131n\u0131n motivasyonuna g\u00f6re \u00e7\u00f6z\u00fcm geli\u015ftirmenin \u00f6nemine de\u011finen Somal\u0131 ve Emin, &#8220;ye\u015fil bina yol haritas\u0131&#8221;nda izlenmesi gereken basamaklar\u0131 \u015f\u00f6yle s\u0131ralad\u0131:<\/p>\n<p><strong>1. Entegre Tasar\u0131m:<\/strong> Konvansiyonel ve hiyerar\u015fik proje tasar\u0131m s\u00fcrecinden, t\u00fcm payda\u015flar\u0131n tasar\u0131ma entegre edildi\u011fi kat\u0131l\u0131mc\u0131 bir sisteme ge\u00e7ilmesi<br \/>\n<strong>2. Arazi Tasar\u0131m\u0131: <\/strong>Tasar\u0131m s\u00fcrecinde, \u00f6zellikle b\u00fcy\u00fck \u015fehirleri ilgilendiren; ya\u011fmur suyu kontrol\u00fc, \u0131\u015f\u0131k kirlili\u011fi, \u0131s\u0131 adas\u0131 olu\u015fumu, biyolojik \u00e7e\u015fitlilik gibi ba\u015fl\u0131klar\u0131n dikkate al\u0131nmas\u0131.<br \/>\n<strong>3. Su:<\/strong> Ya\u011fmur suyu ve gri su uygulamalar\u0131n\u0131n \u00f6nceden g\u00f6z \u00f6n\u00fcnde bulundurularak projeye entegre edilmesi.<br \/>\n<strong>4. Enerji:<\/strong> Ye\u015fil binalar\u0131n olmazsa olmaz\u0131 &#8220;enerji verimlili\u011fi&#8221; konusunda, \u00f6ncelikle talebi azalt\u0131l\u0131p, son a\u015fama olaral alternatif enerji \u00e7\u00f6z\u00fcmlerine gidilmesi.<br \/>\n<strong>5. Malzeme:<\/strong> T\u00fcrkiye&#8217;de \u00e7evre dostu malzeme \u00fcretimi yurt d\u0131\u015f\u0131na oranla daha k\u0131s\u0131tl\u0131 olsa da, bilin\u00e7lenmeyle birlikte son y\u0131llarda bu konuda belirli bir art\u0131\u015f g\u00f6zleniyor.<br \/>\n<strong>6. \u0130\u00e7 Mekan Kalitesi:<\/strong> Hava ve akustik gibi alt ba\u015fl\u0131klara sahip i\u00e7 mekan kalitesi, insan sa\u011fl\u0131\u011f\u0131n\u0131 do\u011frudan etkilemesi a\u00e7\u0131s\u0131ndan \u00e7ok \u00f6nemli.<br \/>\n<strong>7. \u0130n\u015faat Uygulamalar\u0131:<\/strong> Sadece \u015fartnamelerin dayad\u0131\u011f\u0131 maddelerle s\u0131n\u0131rl\u0131 kalmay\u0131p, projelerin genel anlamda daha \u00e7evreci planlanmas\u0131 ve m\u00fcteahhitlerin de bu anlamda bilin\u00e7lendirilmesi.<br \/>\n<strong>8. &#8220;Commissioning&#8221; (\u0130\u015fletmeye alma):<\/strong> Ye\u015fil binan\u0131n tasar\u0131m\u0131n\u0131n uygulamaya do\u011fru aktar\u0131lmas\u0131<br \/>\n<strong>9. Operasyon ve bak\u0131m:<\/strong> Binay\u0131 i\u015fletecek olanlar\u0131n do\u011fru \u015fekilde e\u011fitilmesi; uygulaman\u0131n ard\u0131ndan tasar\u0131m\u0131n tekrar \u00f6l\u00e7\u00fcl\u00fcp de\u011ferlendirilmesi.<br \/>\n<strong>10. \u0130novasyon:<\/strong> Yeni bir icat gerektirdi\u011fi d\u00fc\u015f\u00fcn\u00fcld\u00fc\u011f\u00fcnden, T\u00fcrkiye&#8217;de \u00e7ekinilen bir konu. Oysa T\u00fcrkiye&#8217;de hen\u00fcz ger\u00e7ekle\u015ftirilmemi\u015f bir uygulamay\u0131 buraya entegre etemek de inovasyondur.<\/p>\n<p><img decoding=\"async\" loading=\"lazy\" class=\"alignleft size-full wp-image-701\" title=\"yem_workshop_2\" src=\"https:\/\/www.altensis.com\/en\/wp-content\/uploads\/2011\/04\/yem_workshop_2.jpg\" alt=\"\" width=\"490\" height=\"326\" srcset=\"https:\/\/www.altensis.com\/en\/wp-content\/uploads\/2011\/04\/yem_workshop_2.jpg 490w, https:\/\/www.altensis.com\/en\/wp-content\/uploads\/2011\/04\/yem_workshop_2-300x200.jpg 300w\" sizes=\"(max-width: 490px) 100vw, 490px\" \/><\/p>\n<p>At\u00f6lyenin sonraki b\u00f6l\u00fcm\u00fcnde, T\u00fcrkiye&#8217;deki LEED ve BREEAM sertifikal\u0131 projeleri, toplad\u0131klar\u0131 puanlar \u00fczerinden de\u011ferlendiren Berkay Somal\u0131 ve Serkan Emin, sunumlar\u0131na altl\u0131k olu\u015fturmas\u0131 bak\u0131m\u0131ndan, her iki sertifikaya ili\u015fkin k\u0131sa bir bilgilendirmede bulundu.<\/p>\n<p><strong>LEED sertifikasyonunun temel kriterleri:<br \/>\n<\/strong>&#8211; Arazinin S\u00fcrd\u00fcr\u00fclebilirli\u011fi<br \/>\n&#8211; Su Verimlili\u011fi<br \/>\n&#8211; Enerji Verimlili\u011fi<br \/>\n&#8211; Malzeme ve Kaynak Kullan\u0131m\u0131<br \/>\n&#8211; \u0130\u00e7 Mekan Ya\u015fam Kalitesi<br \/>\n&#8211; \u0130novasyon<br \/>\n&#8211; Yerel \u00f6nem s\u0131ras\u0131 (yeni versiyonda eklendi)<\/p>\n<p><strong>BREEAM sertifikasyonunun temel kriterleri:<br \/>\n<\/strong>&#8211; Y\u00f6netim<br \/>\n-Sa\u011fl\u0131k<br \/>\n&#8211; Enerji<br \/>\n&#8211; Ula\u015f\u0131m<br \/>\n&#8211; Su<br \/>\n&#8211; Malzeme<br \/>\n&#8211; At\u0131k<br \/>\n&#8211; Arazi<br \/>\n&#8211; Kirlilik<\/p>\n<p><img decoding=\"async\" loading=\"lazy\" class=\"alignleft size-full wp-image-702\" title=\"yem_workshop_3\" src=\"https:\/\/www.altensis.com\/en\/wp-content\/uploads\/2011\/04\/yem_workshop_3.jpg\" alt=\"\" width=\"490\" height=\"319\" srcset=\"https:\/\/www.altensis.com\/en\/wp-content\/uploads\/2011\/04\/yem_workshop_3.jpg 490w, https:\/\/www.altensis.com\/en\/wp-content\/uploads\/2011\/04\/yem_workshop_3-300x195.jpg 300w\" sizes=\"(max-width: 490px) 100vw, 490px\" \/><\/p>\n<p>Puanlamaya ili\u015fkin genel bilgilendirmenin ard\u0131ndan, at\u00f6lye \u00e7al\u0131\u015fmas\u0131n\u0131n son b\u00f6l\u00fcm\u00fcnde kat\u0131l\u0131mc\u0131lara, sertifikal\u0131 projelerin puan kazand\u0131klar\u0131 uygulamalar kategorilerine g\u00f6re ayr\u0131nt\u0131l\u0131 olarak aktar\u0131ld\u0131:<\/p>\n<p><strong>&#8211; Ye\u015fil alanlar ve biyo\u00e7e\u015fitlilik:<\/strong> Eser Holding ve Tekfen Levent projelerinde dikey ye\u015fil alan kullan\u0131m\u0131; Kapital GYO&#8217;da endemik bitki kullan\u0131m\u0131; Toyota Plaza Onat\u00e7a&#8217;da ekolojik a\u00e7\u0131dan zenginle\u015ftirme<br \/>\n<strong>&#8211; Ya\u011fmur suyu kontrol\u00fc ve sel riski:<\/strong> Schneider ADH Fabrikas\u0131&#8217;nda a\u00e7\u0131k otopark alan\u0131na \u00e7im ta\u015f\u0131 uygulamas\u0131<br \/>\n<strong>&#8211; Alternatif ula\u015f\u0131m:<\/strong> TEC ve Toyota Plaza Onat\u00e7a projelerinde bisiklet park\u0131 kullan\u0131m\u0131<br \/>\n<strong>&#8211; I\u015f\u0131k kirlili\u011fi:<\/strong> Schneider ADH Fabrikas\u0131 armat\u00fcr uygulamalar\u0131<br \/>\n<strong>&#8211; Is\u0131 adas\u0131:<\/strong> TEC beyaz \u00e7at\u0131 uygulamas\u0131<br \/>\n<strong>&#8211; Su verimlili\u011fi:<\/strong> Toyota Plaza Onat\u00e7a&#8217;da pulse&#8217;lu saya\u00e7 kullan\u0131m\u0131, Eser Holding&#8217;de ya\u011fmur suyu ve gri su geri kazan\u0131m\u0131<br \/>\n<strong>&#8211; Enerji verimlili\u011fi:<\/strong> TEC&#8217;te \u0131s\u0131 izolasyonu; Tekfen Levent&#8217;te d\u0131\u015f g\u00f6lgeleme eleman\u0131 olarak bitkilendirme<\/p>\n<p><strong><br \/>\nAt\u00f6lyeden \u00e7\u0131kar\u0131lan dersler&#8230;<\/strong><\/p>\n<p>* T\u00fcrkiye&#8217;deki projelerin ko\u015fu\u015fturmacal\u0131 bir \u015fekilde uygulanmas\u0131, ye\u015fil bina analizi\u00a0i\u00e7in gereken s\u00fcreyi maliyet hesab\u0131 a\u00e7\u0131s\u0131ndan imkans\u0131z k\u0131l\u0131yor. Temponun d\u00fc\u015fmesi projenin rekabet g\u00fcc\u00fcn\u00fc\u00a0olumsuz etkiledi\u011finden, ye\u015fil bina tasar\u0131m\u0131 tercih edilmiyor. Uygulamalar\u0131n \u00e7o\u011falt\u0131lmas\u0131 i\u00e7in, end\u00fcstri olarak bu y\u00f6nde hareket etmek laz\u0131m.<\/p>\n<p>* T\u00fcrkiye&#8217;de ceza yapt\u0131r\u0131m\u0131na\u00a0dayal\u0131, negatif bir motivasyon sistemi var. \u00d6te yandan &#8220;ye\u015fil bina pahal\u0131d\u0131r&#8221; gibi bir yanl\u0131\u015f bilgilendirme hakim. Bunlar\u0131n \u00f6n\u00fcne ge\u00e7ilebilmesi i\u00e7in, yat\u0131r\u0131mc\u0131n\u0131n ger\u00e7ek motivasyonunu \u00f6\u011frenmek ve buna g\u00f6re arg\u00fcmanlar geli\u015ftirmek gerekiyor.<\/p>\n<p>* \u0130novasyon her zaman icat gerektirmez, projenin uyguland\u0131\u011f\u0131 \u00fclkede var olmayan bir \u00f6rne\u011fi hayata ge\u00e7irmek de inovasyon kabul edilir.<\/p>\n<p><img decoding=\"async\" src=\"file:\/\/\/Y:\/Vezir\/images\/2011\/haberler\/86813-4.JPG\" border=\"0\" alt=\"\" hspace=\"5\" vspace=\"5\" align=\"baseline\" \/><\/p>\n<p>* Projenin ger\u00e7ekle\u015ftirildi\u011fi co\u011frafya, ye\u015fil bina kriterlerini do\u011frudan etkiledi\u011finden, kendi standartlar\u0131m\u0131z\u0131 belirlememiz \u015fart.<\/p>\n<p>* Do\u011fal havaland\u0131rma halen tart\u0131\u015fmal\u0131 bir konu. Yerel otoritelerin kabul etti\u011fi uygulamalar\u0131 uluslararas\u0131 sertifika sistemleri de kabul ediyor. \u00c7\u00fcnk\u00fc as\u0131l \u00f6nemli olan &#8220;mikroklima&#8221; ve projeye uygun olarak geli\u015ftirilmeyen do\u011fal havaland\u0131rma,\u00a0enerji verimlili\u011fi a\u00e7\u0131s\u0131ndan dezavantajl\u0131 bile olabilir.<\/p>\n<p>* Enerji sim\u00fclasyonunun ideal olan,\u00a0binan\u0131n tasar\u0131m a\u015famas\u0131nda haz\u0131rlanmas\u0131d\u0131r.<\/p>\n","protected":false},"excerpt":{"rendered":"<p>15 Nisan&#8217;da Ekodesign kapsam\u0131nda Altensis&#8217;in verdi\u011fi Ye\u015fil Bina Tasar\u0131m\u0131 Yol Haritas\u0131 ve Uygulama \u00d6rnekleri semineri b\u00fcy\u00fck ilgi g\u00f6rd\u00fc. T\u00fcrkiye&#8217;den ye\u015fil bina projelerinin ele al\u0131nd\u0131\u011f\u0131 seminerde ye\u015fil binaya giden yol 10 a\u015famada izleyenlerle payla\u015f\u0131ld\u0131. <\/p>\n","protected":false},"author":1,"featured_media":0,"comment_status":"open","ping_status":"open","sticky":false,"template":"","format":"standard","meta":{"_mi_skip_tracking":false},"categories":[3],"tags":[],"_links":{"self":[{"href":"https:\/\/www.altensis.com\/en\/wp-json\/wp\/v2\/posts\/699"}],"collection":[{"href":"https:\/\/www.altensis.com\/en\/wp-json\/wp\/v2\/posts"}],"about":[{"href":"https:\/\/www.altensis.com\/en\/wp-json\/wp\/v2\/types\/post"}],"author":[{"embeddable":true,"href":"https:\/\/www.altensis.com\/en\/wp-json\/wp\/v2\/users\/1"}],"replies":[{"embeddable":true,"href":"https:\/\/www.altensis.com\/en\/wp-json\/wp\/v2\/comments?post=699"}],"version-history":[{"count":0,"href":"https:\/\/www.altensis.com\/en\/wp-json\/wp\/v2\/posts\/699\/revisions"}],"wp:attachment":[{"href":"https:\/\/www.altensis.com\/en\/wp-json\/wp\/v2\/media?parent=699"}],"wp:term":[{"taxonomy":"category","embeddable":true,"href":"https:\/\/www.altensis.com\/en\/wp-json\/wp\/v2\/categories?post=699"},{"taxonomy":"post_tag","embeddable":true,"href":"https:\/\/www.altensis.com\/en\/wp-json\/wp\/v2\/tags?post=699"}],"curies":[{"name":"wp","href":"https:\/\/api.w.org\/{rel}","templated":true}]}}