{"id":6174,"date":"2016-04-12T17:41:27","date_gmt":"2016-04-12T14:41:27","guid":{"rendered":"http:\/\/www.altensis.com\/en\/?p=6174"},"modified":"2016-04-12T17:41:27","modified_gmt":"2016-04-12T14:41:27","slug":"altensisten-kentsel-donusume-yesil-guc-onerisi","status":"publish","type":"post","link":"https:\/\/www.altensis.com\/en\/2016\/04\/12\/altensisten-kentsel-donusume-yesil-guc-onerisi\/","title":{"rendered":"ALTENS\u0130S\u2019TEN KENTSEL D\u00d6N\u00dc\u015e\u00dcME YE\u015e\u0130L G\u00dc\u00c7 \u00d6NER\u0130S\u0130!"},"content":{"rendered":"<p><strong>Kentsel D\u00f6n\u00fc\u015f\u00fcm Yat\u0131r\u0131mlar\u0131n\u0131n <\/strong><strong>H\u0131zl\u0131 Geri D\u00f6n\u00fc\u015f\u00fcn\u00fc <\/strong><strong>Ye\u015fil Binalar Sa\u011flayacak<\/strong><\/p>\n<p><strong>Afet yasas\u0131 \u00e7\u0131kt\u0131\u011f\u0131 tarihten bu yana kentsel d\u00f6n\u00fc\u015f\u00fcme 2 milyar TL kaynak harcand\u0131. 6.5 milyon konutun d\u00f6n\u00fc\u015ft\u00fcr\u00fclmesi i\u00e7in bunun \u00e7ok daha \u00fczerinde yat\u0131r\u0131m yap\u0131lmas\u0131 gerekecek. Altensis Kurucu Orta\u011f\u0131 Serkan Emin, d\u00f6n\u00fc\u015f\u00fcm\u00fcn ye\u015fil bina standartlar\u0131na uygun yap\u0131lmas\u0131 halinde, senede 3 milyar dolarl\u0131k enerji tasarrufunun m\u00fcmk\u00fcn oldu\u011funu belirterek, \u201cD\u00f6n\u00fc\u015f\u00fcm yat\u0131r\u0131mlar\u0131n\u0131n h\u0131zl\u0131 amorti edilmesinin yolu ye\u015fil binalardan ge\u00e7iyor\u201d dedi.<\/strong><\/p>\n<p><strong>\u00a0<\/strong>Ye\u015fil binalar konusunda T\u00fcrkiye\u2019nin lider \u015firketi Altensis, kentsel d\u00f6n\u00fc\u015f\u00fcm\u00fcn, enerji verimlili\u011finin sa\u011flanmas\u0131 konusunda iyi bir f\u0131rsat olarak de\u011ferlendirilmesi gerekti\u011fini a\u00e7\u0131klad\u0131. Altensis Kurucu Ortaklar\u0131ndan Serkan Emin, \u201cKentsel d\u00f6n\u00fc\u015f\u00fcm\u00fc sadece sa\u011fl\u0131kl\u0131 bina stoku olu\u015fturmak olarak g\u00f6rmek, yerk\u00fcrenin ve ekonominin gelece\u011fi ad\u0131na bir f\u0131rsat\u0131n ka\u00e7\u0131r\u0131lmas\u0131 olur. Bizce kentsel d\u00f6n\u00fc\u015f\u00fcm seferberli\u011fine ye\u015fil bir g\u00fc\u00e7 kazand\u0131rmak, bunun i\u00e7in de binalar\u0131n \u00e7evre dostu ye\u015fil bina kriterlerine g\u00f6re yap\u0131lmas\u0131n\u0131 sa\u011flamak gerekir\u201d dedi.<\/p>\n<p><strong>Kentsel D\u00f6n\u00fc\u015f\u00fcm Kongresi Ba\u015fl\u0131yor<\/strong><\/p>\n<p>\u0130stanbul\u2019da 25 \u015eubat\u2019ta ger\u00e7ekle\u015fecek Kentsel D\u00f6n\u00fc\u015f\u00fcm Kongresi \u00f6ncesi de\u011ferlendirmelerde bulunan Serkan Emin, \u00e7evre dostu bir kentsel d\u00f6n\u00fc\u015f\u00fcm hareketinin enerji tasarrufu ve sera gaz\u0131 sal\u0131m\u0131n\u0131n azalt\u0131lmas\u0131 gibi gelecek ad\u0131na daha sorumlu ad\u0131mlar\u0131 ifade edece\u011fini anlatt\u0131. Serkan Emin, bunun ekonomik faydalar\u0131 da olaca\u011f\u0131n\u0131 hat\u0131rlatt\u0131.<\/p>\n<p>Altensis Kurucu Orta\u011f\u0131 Serkan Emin, \u201cResmi rakamlara g\u00f6re 3,5 y\u0131lda kentsel d\u00f6n\u00fc\u015f\u00fcm i\u00e7in 2 milyar TL\u2019lik kaynak harcand\u0131. Gelecek y\u0131llarda bunun kat be kat fazlas\u0131n\u0131n harcanmas\u0131 gerekecek. Bu a\u00e7\u0131dan yeni binalar\u0131 enerji tasarruflu hale getirmek, kentsel d\u00f6n\u00fc\u015f\u00fcm yat\u0131r\u0131mlar\u0131n\u0131n da daha k\u0131sa s\u00fcrede amorti edilmesini sa\u011flayacak.Ye\u015fil binalarda enerjide y\u00fczde 50\u2019ye varan tasaruf etmek m\u00fcmk\u00fcn oluyor. Bu da t\u00fcm binalar\u0131n d\u00f6n\u00fc\u015fmesi halinde senede 3 milyar dolar tasarruf anlam\u0131na geliyor. Dolay\u0131s\u0131yla d\u00f6n\u00fc\u015f\u00fcm yat\u0131r\u0131mlar\u0131n\u0131n h\u0131zl\u0131 amorti edilmesinin yolu ye\u015fil binalardan ge\u00e7iyor\u201d diye konu\u015ftu.<\/p>\n<p><strong>D\u00f6n\u00fc\u015f\u00fcmde Hedef B\u00fcy\u00fck<\/strong><\/p>\n<p>\u00c7evre ve \u015eehircilik Bakanl\u0131\u011f\u0131\u2019n\u0131n\u00a0 2016 y\u0131l\u0131ndaki en \u00f6nemli g\u00fcndem maddesi olarak kentsel d\u00f6n\u00fc\u015f\u00fcm\u00fc g\u00f6rd\u00fc\u011f\u00fcn\u00fc hat\u0131rlatan Serkan Emin, 2015 y\u0131l\u0131nda yakla\u015f\u0131k 312 bin ba\u011f\u0131ms\u0131z b\u00f6l\u00fcm\u00fcn riskli olarak tespit edildi\u011fini belirtti. D\u00f6n\u00fc\u015f\u00fcmde daha b\u00fcy\u00fck hedeflerin ortaya konuldu\u011funu anlatan Serkan Emin \u201cResmi hedefin 2023 y\u0131l\u0131na kadar 6.5 milyon konutun yenilenmesi oldu\u011funu d\u00fc\u015f\u00fcnd\u00fc\u011f\u00fcm\u00fczde, kentsel d\u00f6n\u00fc\u015f\u00fcm\u00fcn \u00f6n\u00fcm\u00fczdeki y\u0131llar\u0131n da ana g\u00fcndem maddelerinden biri olaca\u011f\u0131 a\u015fikard\u0131r\u201d dedi.<\/p>\n<p><strong>Enerji Faturalar\u0131n\u0131n Alt\u0131ndan Kalk\u0131lamayacak<\/strong><\/p>\n<p>\u015eehirlerdeki alanlar\u0131n y\u00fczde 50\u2019sini binalar\u0131n kaplad\u0131\u011f\u0131n\u0131, binalar\u0131n da enerji t\u00fcketiminden kaynaklanan sera gaz\u0131 sal\u0131m\u0131n\u0131n 3\u2019te birini olu\u015fturdu\u011funu anlatan Serkan Emin \u015fu noktalara dikkat \u00e7ekti:<\/p>\n<p>\u201c\u015eehirler b\u00fcy\u00fcd\u00fck\u00e7e, yeni binalar in\u015fa ediliyor. B\u00f6ylece daha fazla enerji t\u00fcketiyorsunuz, bu da daha fazla sera emisyonu anlam\u0131na geliyor. \u0130n\u015faatlar\u0131n bu \u015fekilde s\u00fcrmesi halinde 2050 y\u0131l\u0131na kadar emisyon oranlar\u0131 iki kat\u0131na \u00e7\u0131kabilir, alt\u0131ndan kalk\u0131lamayacak enerji faturalar\u0131 g\u00fcndeme gelebilir. Oysa \u2018ye\u015fil\u2019 kentsel d\u00f6n\u00fc\u015f\u00fcmle hem ya\u015fanabilir \u015fehirler meydana getirilir, hem enerji faturalar\u0131 d\u00fc\u015f\u00fcr\u00fcl\u00fcr, hem de Paris Deklarasyonu\u2019nda imza att\u0131\u011f\u0131m\u0131z taahh\u00fctlere ula\u015fmada somut ad\u0131mlar at\u0131lm\u0131\u015f olur\u201d<\/p>\n<p><strong>T\u00fcrkiye Paris\u2019te S\u00f6z Verdi<\/strong><\/p>\n<p>Aral\u0131k 2015\u2019te ger\u00e7ekle\u015fen ve 196 \u00fclkenin siyasilerinin, b\u00fcrokratlar\u0131n\u0131n, sivil toplum temsilcilerinin kat\u0131ld\u0131\u011f\u0131 Paris\u2019teki \u0130klim Zirvesi, iklim de\u011fi\u015fikli\u011fi ile m\u00fccadele konusunda t\u00fcm d\u00fcnyan\u0131n beraber harekete ge\u00e7ece\u011fi bir anla\u015fma metniyle sonu\u00e7land\u0131. T\u00fcrkiye\u2019nin de imzalad\u0131\u011f\u0131 anla\u015fma k\u00fcresel \u0131s\u0131nmay\u0131 2 \u00b0C\u2019nin alt\u0131nda, 1,5 \u00b0C\u2019de s\u0131n\u0131rland\u0131rmay\u0131 hedefliyor. 2018\u2019de yap\u0131lacak \u0130klim Zirvesi\u2019nde \u00fclkelerin o tarihe kadar verdikleri hedeflere ne kadar uyum g\u00f6sterdikleri ortaya konacak.<\/p>\n","protected":false},"excerpt":{"rendered":"<p>Kentsel D\u00f6n\u00fc\u015f\u00fcm Yat\u0131r\u0131mlar\u0131n\u0131n H\u0131zl\u0131 Geri D\u00f6n\u00fc\u015f\u00fcn\u00fc Ye\u015fil Binalar Sa\u011flayacak Afet yasas\u0131 \u00e7\u0131kt\u0131\u011f\u0131 tarihten bu yana kentsel d\u00f6n\u00fc\u015f\u00fcme 2 milyar TL kaynak harcand\u0131. 6.5 milyon konutun d\u00f6n\u00fc\u015ft\u00fcr\u00fclmesi i\u00e7in bunun \u00e7ok daha \u00fczerinde yat\u0131r\u0131m yap\u0131lmas\u0131 gerekecek. Altensis Kurucu Orta\u011f\u0131 Serkan Emin, d\u00f6n\u00fc\u015f\u00fcm\u00fcn ye\u015fil bina standartlar\u0131na uygun yap\u0131lmas\u0131 halinde, senede 3 milyar dolarl\u0131k enerji tasarrufunun m\u00fcmk\u00fcn oldu\u011funu belirterek, [&hellip;]<\/p>\n","protected":false},"author":1,"featured_media":0,"comment_status":"open","ping_status":"open","sticky":false,"template":"","format":"standard","meta":{"_mi_skip_tracking":false},"categories":[3],"tags":[],"_links":{"self":[{"href":"https:\/\/www.altensis.com\/en\/wp-json\/wp\/v2\/posts\/6174"}],"collection":[{"href":"https:\/\/www.altensis.com\/en\/wp-json\/wp\/v2\/posts"}],"about":[{"href":"https:\/\/www.altensis.com\/en\/wp-json\/wp\/v2\/types\/post"}],"author":[{"embeddable":true,"href":"https:\/\/www.altensis.com\/en\/wp-json\/wp\/v2\/users\/1"}],"replies":[{"embeddable":true,"href":"https:\/\/www.altensis.com\/en\/wp-json\/wp\/v2\/comments?post=6174"}],"version-history":[{"count":2,"href":"https:\/\/www.altensis.com\/en\/wp-json\/wp\/v2\/posts\/6174\/revisions"}],"predecessor-version":[{"id":6177,"href":"https:\/\/www.altensis.com\/en\/wp-json\/wp\/v2\/posts\/6174\/revisions\/6177"}],"wp:attachment":[{"href":"https:\/\/www.altensis.com\/en\/wp-json\/wp\/v2\/media?parent=6174"}],"wp:term":[{"taxonomy":"category","embeddable":true,"href":"https:\/\/www.altensis.com\/en\/wp-json\/wp\/v2\/categories?post=6174"},{"taxonomy":"post_tag","embeddable":true,"href":"https:\/\/www.altensis.com\/en\/wp-json\/wp\/v2\/tags?post=6174"}],"curies":[{"name":"wp","href":"https:\/\/api.w.org\/{rel}","templated":true}]}}