{"id":6048,"date":"2016-01-07T10:16:43","date_gmt":"2016-01-07T08:16:43","guid":{"rendered":"http:\/\/www.altensis.com\/en\/?p=6048"},"modified":"2016-01-07T10:16:43","modified_gmt":"2016-01-07T08:16:43","slug":"yesil-bina-danismanliginda-uluslararasi-basari-forbes-dergisi-20161","status":"publish","type":"post","link":"https:\/\/www.altensis.com\/en\/2016\/01\/07\/yesil-bina-danismanliginda-uluslararasi-basari-forbes-dergisi-20161\/","title":{"rendered":"Ye\u015fil Bina Dan\u0131\u015fmanl\u0131\u011f\u0131nda Uluslararas\u0131 Ba\u015far\u0131 \u2013 Forbes Dergisi , 2016\/1"},"content":{"rendered":"<p><span style=\"color: #000000; font-family: Calibri;\">T\u00fcrkiye\u2019de ye\u015fil bina dan\u0131\u015fmanl\u0131\u011f\u0131 alan\u0131nda kurulan ilk \u015firket olan Altensis\u2019in kurucu orta\u011f\u0131 Berkay Somali, ye\u015fil bina dan\u0131\u015fmanl\u0131\u011f\u0131nda en \u00fcst liyakat derecesi anlam\u0131na gelen ve d\u00fcnyada \u00e7ok az say\u0131da dan\u0131\u015fmana verilen \u201cLeed Fellow\u201d unvan\u0131na lay\u0131k g\u00f6r\u00fclerek ba\u015far\u0131s\u0131n\u0131 uluslararas\u0131 alana ta\u015f\u0131m\u0131\u015f oldu. <\/span><\/p>\n<p><span style=\"color: #000000; font-family: Calibri;\">Emre Il\u0131cal\u0131, Berkay Somali ve Serkan Emin taraf\u0131ndan 2008 y\u0131l\u0131nda kurulan Altensis, sertifikaland\u0131r\u0131lm\u0131\u015f \u00e7evre dostu ye\u015fil binalarda in\u015faat alan\u0131 baz\u0131nda yakla\u015f\u0131k y\u00fczde 70\u2019lik pazar pay\u0131yla lider durumda. \u0130stanbul Finans Merkezi, Habom, Teknopark gibi b\u00fcy\u00fck projelerin de oldu\u011fu gayrimenkul ve ula\u015ft\u0131rma projelerinin ye\u015fil bina s\u00fcre\u00e7lerinin dan\u0131\u015fmanl\u0131\u011f\u0131n\u0131 yapan Altensis, T\u00fcrkiye\u2019deki tecr\u00fcbelerinden ileri gelen \u201cknow-how\u201d\u0131n\u0131 da ihra\u00e7 etmeye ba\u015flad\u0131. Haberin devam\u0131na <span style=\"color: #3366ff;\"><a style=\"color: #3366ff;\" href=\"https:\/\/www.altensis.com\/en\/wp-content\/uploads\/2016\/01\/Forbes_Ek-YE\u015e\u0130L_B\u0130NA_DANI\u015eMANLI\u011eINDA_ULUSLARARASI_BA\u015eARI-01.01.2016.jpg\">buradan<\/a><\/span> ula\u015fabilirsiniz.<\/span><\/p>\n<p>&nbsp;<\/p>\n","protected":false},"excerpt":{"rendered":"<p>T\u00fcrkiye\u2019de ye\u015fil bina dan\u0131\u015fmanl\u0131\u011f\u0131 alan\u0131nda kurulan ilk \u015firket olan Altensis\u2019in kurucu orta\u011f\u0131 Berkay Somali, ye\u015fil bina dan\u0131\u015fmanl\u0131\u011f\u0131nda en \u00fcst liyakat derecesi anlam\u0131na gelen ve d\u00fcnyada \u00e7ok az say\u0131da dan\u0131\u015fmana verilen \u201cLeed Fellow\u201d unvan\u0131na lay\u0131k g\u00f6r\u00fclerek ba\u015far\u0131s\u0131n\u0131 uluslararas\u0131 alana ta\u015f\u0131m\u0131\u015f oldu. Emre Il\u0131cal\u0131, Berkay Somali ve Serkan Emin taraf\u0131ndan 2008 y\u0131l\u0131nda kurulan Altensis, sertifikaland\u0131r\u0131lm\u0131\u015f \u00e7evre dostu [&hellip;]<\/p>\n","protected":false},"author":2,"featured_media":0,"comment_status":"open","ping_status":"open","sticky":false,"template":"","format":"standard","meta":{"_mi_skip_tracking":false},"categories":[3],"tags":[92,93,113,94,101,100,97,96],"_links":{"self":[{"href":"https:\/\/www.altensis.com\/en\/wp-json\/wp\/v2\/posts\/6048"}],"collection":[{"href":"https:\/\/www.altensis.com\/en\/wp-json\/wp\/v2\/posts"}],"about":[{"href":"https:\/\/www.altensis.com\/en\/wp-json\/wp\/v2\/types\/post"}],"author":[{"embeddable":true,"href":"https:\/\/www.altensis.com\/en\/wp-json\/wp\/v2\/users\/2"}],"replies":[{"embeddable":true,"href":"https:\/\/www.altensis.com\/en\/wp-json\/wp\/v2\/comments?post=6048"}],"version-history":[{"count":1,"href":"https:\/\/www.altensis.com\/en\/wp-json\/wp\/v2\/posts\/6048\/revisions"}],"predecessor-version":[{"id":6050,"href":"https:\/\/www.altensis.com\/en\/wp-json\/wp\/v2\/posts\/6048\/revisions\/6050"}],"wp:attachment":[{"href":"https:\/\/www.altensis.com\/en\/wp-json\/wp\/v2\/media?parent=6048"}],"wp:term":[{"taxonomy":"category","embeddable":true,"href":"https:\/\/www.altensis.com\/en\/wp-json\/wp\/v2\/categories?post=6048"},{"taxonomy":"post_tag","embeddable":true,"href":"https:\/\/www.altensis.com\/en\/wp-json\/wp\/v2\/tags?post=6048"}],"curies":[{"name":"wp","href":"https:\/\/api.w.org\/{rel}","templated":true}]}}