{"id":5660,"date":"2015-06-01T13:07:21","date_gmt":"2015-06-01T10:07:21","guid":{"rendered":"http:\/\/www.altensis.com\/en\/?p=5660"},"modified":"2015-06-12T13:14:21","modified_gmt":"2015-06-12T10:14:21","slug":"turkiyeyi-yesil-binada-ilklerle-tanistirdi","status":"publish","type":"post","link":"https:\/\/www.altensis.com\/en\/2015\/06\/01\/turkiyeyi-yesil-binada-ilklerle-tanistirdi\/","title":{"rendered":"T\u00fcrkiye&#8217;yi Ye\u015fil Binada \u0130lklerle Tan\u0131\u015ft\u0131rd\u0131"},"content":{"rendered":"<p style=\"text-align: justify;\">S\u00fcrd\u00fcr\u00fclebilirlik y\u00f6netimi hizmetleri vermek \u00fczere 2008 y\u0131l\u0131nda kurulan Altensis, sertifikaland\u0131r\u0131lm\u0131\u015f \u00e7evre dostu binalarda y\u00fczde 60&#8217;l\u0131k pazar pay\u0131yla lider durumda. Gayrimenkulde s\u00fcrd\u00fcr\u00fclebilirlik ve ye\u015fil bina konusuna odaklanan \u015firket, alan\u0131nda T\u00fcrkiye &#8216;yi pek \u00e7ok ilkle de tan\u0131\u015ft\u0131rd\u0131. T\u00fcrkiye ilk LEED sertifikal\u0131 ticari ofis, kapsaml\u0131 renovasyon ve mevcut bina projeleri, ilk BREEAM post construction sertifikal\u0131 proje, ilk LEED platin sertifikal\u0131 bina ile ilk kez Altensis&#8217;in dan\u0131\u015fmanl\u0131\u011f\u0131nda tan\u0131\u015ft\u0131.<\/p>\n<p style=\"text-align: justify;\">Altensis&#8217;in kurucu ortaklar\u0131ndan Berkay Somal\u0131, \u00fclkemizde geli\u015fmi\u015f \u00fclkelerle k\u0131yasland\u0131\u011f\u0131nda \u00e7evre bilincinin hen\u00fcz olgunluk seviyesine ula\u015fmad\u0131\u011f\u0131n\u0131 ama \u00f6zellikle markal\u0131 gayrimenkul sekt\u00f6r\u00fcnde ye\u015fil binalar konusundaki y\u00f6nelimin umut verici oldu\u011funu s\u00f6yl\u00fcyor.<\/p>\n<p style=\"text-align: justify;\">\n<p style=\"text-align: justify;\"><strong>SUYU VE <\/strong><strong>ENERJ\u0130Y\u0130 VER\u0130ML\u0130<\/strong><strong> KULLANAN B\u0130NALAR<\/strong><\/p>\n<p style=\"text-align: justify;\">\u00c7evre dostu markal\u0131 projelerde T\u00fcrkiye\u2019nin ilkleri say\u0131lacak sertifikalar hakk\u0131nda bilgi veren Berkay Somal\u0131, suyu ve enerjiyi verimli kullanan bu binalar\u0131n \u00f6zellikleri hakk\u0131nda \u015fu bilgileri payla\u015f\u0131yor: &#8220;\u0130lk LEED sertifikal\u0131 ticari ofis projesi Tekfen Levent binas\u0131, y\u00fczde 34 enerji verimli bir bina. Levent&#8217; in de sertifikal\u0131 ilk binas\u0131. Y\u00fczde 30 kullan\u0131m suyu verimlili\u011fi, y\u00fczde 50\u2019nin \u00fczerinde bah\u00e7e sulama suyu tasarrufu sa\u011fl\u0131yor.<\/p>\n<p style=\"text-align: justify;\">Adana&#8217;n\u0131n ve T\u00fcrkiye&#8217;nin ilk BREEAM Post-Construction sertifikal\u0131 binas\u0131 Toyota Plaza Onat\u00e7a, ayn\u0131 zamanda ilk &#8216;A&#8217; s\u0131n\u0131f\u0131 enerji kimlik belgesine sahip. Binada 20 kW kapasiteli bir fotovoltaik sistemi bulunuyor. Bu sistem, zaman\u0131nda T\u00fcrkiye&#8217;de bir ticari binaya konulan en b\u00fcy\u00fck ikinci sistem. Sistemin y\u0131ll\u0131k enerji \u00fcretimi yakla\u015f\u0131k 30 bin kWh. Solar s\u0131cak su sistemi y\u0131ll\u0131k yakla\u015f\u0131k 5 bin kWh&#8217;lik bir enerji \u00fcreterek yaz\u0131n binan\u0131n s\u0131cak su ihtiyac\u0131n\u0131 kar\u015f\u0131l\u0131yor. \u0130ki<\/p>\n<p style=\"text-align: justify;\">sistem birlikte binan\u0131n enerji ihtiyac\u0131n\u0131n yakla\u015f\u0131k y\u00fczde 20&#8217;sini yenilenebilir enerjilerden sa\u011flanmas\u0131na ve y\u0131ll\u0131k 21 ton karbon sal\u0131n\u0131m\u0131n\u0131n engellenmesine imkan veriyor. \u00c7at\u0131ya d\u00fc\u015fen t\u00fcm ya\u011fmur suyu 200 tonluk bir yeralt\u0131 ya\u011fmur suyu deposunda toplan\u0131yor ve bah\u00e7e sulamas\u0131 i\u00e7in kullan\u0131l\u0131yor&#8221;<\/p>\n<p style=\"text-align: justify;\">\n<p style=\"text-align: justify;\"><strong>YATIRIM <\/strong><strong>GET\u0130R\u0130S\u0130 <\/strong><strong>DAHA Y\u00dcKSEK <\/strong><strong>B\u0130NALAR<\/strong><\/p>\n<p style=\"text-align: justify;\">Altensis Kurucu Ortaklar\u0131ndan Berkay Somal\u0131, ye\u015fil bina sertifikalar\u0131n\u0131n yat\u0131r\u0131mc\u0131ya, bina kullan\u0131c\u0131lar\u0131na ve topluma faydalar\u0131n\u0131 ise \u015fu s\u00f6zlerle a\u00e7\u0131kl\u0131yor:<\/p>\n<p style=\"text-align: justify;\">\u2018\u2019Sertifika, projenin yat\u0131r\u0131mc\u0131 a\u00e7\u0131s\u0131ndan daha d\u00fc\u015f\u00fck i\u015fletme giderlerine, orta vadede daha \u00e7ok gayrimenkul k\u0131ymet getirisine ve ticari anlamda rakip projelere kar\u015f\u0131 rekabet avantaj\u0131na sahip olmas\u0131n\u0131 sa\u011fl\u0131yor. Ayn\u0131 zamanda, kurumsal anlamda yat\u0131r\u0131mc\u0131 firman\u0131n marka imaj\u0131na ve itibar\u0131na pozitif katk\u0131 sa\u011fl\u0131yor. Hem t\u00fcketiciler hem al\u0131c\u0131lar ye\u015fil bina sertifikas\u0131 ile alacaklar\u0131 veya kiralayacaklar\u0131 gayrimenkullerin ger\u00e7ekten ye\u015fil olup olmad\u0131\u011f\u0131n\u0131 ve e\u011fer ye\u015filse ne kadar ye\u015fil oldu\u011funu g\u00fcvenilir bir \u015fekilde \u00f6\u011frenme hakk\u0131na sahip oluyor.\u2019\u2019 Somal\u0131, T\u00fcrkiye\u2019de 55. projeye de sertifika ald\u0131klar\u0131na dikkat \u00e7ekiyor. Berkay Somal\u0131, 45 projenin de sertifika a\u015famas\u0131nda oldu\u011funu ifade ederek, hedeflerinin 2015 y\u0131l\u0131 sonu itibariyle 70, 2016 y\u0131l\u0131 sonu itibariyle 100 projeyi markal\u0131 ye\u015fil projeler ligine sokmak oldu\u011funu s\u00f6yl\u00fcyor.<\/p>\n<p style=\"text-align: justify;\">\n<p style=\"text-align: justify;\"><strong>END\u00dcSTR\u0130 DEVLER\u0130N\u0130N YE\u015e\u0130L \u00dcRET\u0130M MERKEZLER\u0130<\/strong><\/p>\n<p style=\"text-align: justify;\">Berkay Somal\u0131, end\u00fcstriyel tesislerde uluslararas\u0131 pek \u00e7ok firman\u0131n ilk ye\u015fil sertifikas\u0131n\u0131, Altensis dan\u0131\u015fmanl\u0131\u011f\u0131nda T\u00fcrkiye\u2019deki tesislerinde alm\u0131\u015f oldu\u011funa da dikkat \u00e7ekiyor.<\/p>\n<p style=\"text-align: justify;\">Schneider Electric\u2019in Gebze Taysad OSB\u2019deki yeni trafo fabrikas\u0131 Schneider\u2019in d\u00fcnyadaki ilk LEED Gold sertifikal\u0131 binas\u0131 olurken, Unilever\u2019in Konya Algida Fabrikas\u0131, ya\u011fmur suyunun yeniden kullan\u0131m\u0131, \u0131s\u0131 geri kazan\u0131m\u0131, yerinde at\u0131k ayr\u0131\u015ft\u0131rma gibi ileri d\u00fczeyde \u00e7evre sistemleri sayesinde d\u00fcnyadaki ilk LEED sertifikal\u0131 dondurma fabrikas\u0131 olarak kay\u0131tlara ge\u00e7ti.<\/p>\n<p style=\"text-align: justify;\">\u0130nci Ak\u00fc Manisa Fabrikas\u0131, Grundfos T\u00fcrkiye Gebze Fabrikas\u0131, THY Teknik Havac\u0131l\u0131k Bak\u0131m ve Onar\u0131m Merkezi, Unilever Konya Algida Dondurma Fabrikas\u0131 ve T\u00fcrkiye Merkez Ofisi, Pratt-Whitney U\u00e7ak Motoru Bak\u0131m Merkezi, Sabanc\u0131 \u00dcniversitesi Nanoteknoloji Binas\u0131, Philips T\u00fcrkiye Merkez Ofisi, Ytong \u00c7atalca Tesisleri Projesi, BASF Yap\u0131 Kimyasallar\u0131 Laboratuvar Binas\u0131, Borusan Enerji Band\u0131rma RES \u0130dari Binas\u0131, \u00c7elikel Al\u00fcminyum D\u00f6k\u00fcm Fabrikas\u0131 da iyi birer ye\u015fil \u00fcretim merkezi \u00f6rnekleri olarak kar\u015f\u0131m\u0131za \u00e7\u0131k\u0131yor. \u015eirketlerin toplumdaki rol\u00fcn\u00fcn sadece ekonomik olmad\u0131\u011f\u0131n\u0131, sosyal ve \u00e7evresel anlamda da sorumluluklar\u0131 bulundu\u011funu anlatan Somal\u0131, s\u00f6zlerine \u015f\u00f6yle devam ediyor: \u2018\u2019Altensis olarak, \u015firketlerin sadece ciro, kar, zarar gibi ekonomik hedeflerle de\u011fil \u00e7evresel ve sosyal hedeflerle y\u00f6netilmesi i\u00e7in y\u00f6netim anlay\u0131\u015flar\u0131n\u0131 g\u00f6zden ge\u00e7irmesi ve buna s\u00fcrd\u00fcr\u00fclebilirlik stratejisi ad\u0131 alt\u0131nda bir h\u00fcviyet kazand\u0131rmalar\u0131 i\u00e7in \u00e7al\u0131\u015fmalar y\u00fcr\u00fct\u00fcyoruz. Ayr\u0131ca, gayrimenkul sekt\u00f6r\u00fcne odaklanm\u0131\u015f olarak ye\u015fil bina \u00e7al\u0131\u015fmalar\u0131yla bu sekt\u00f6rdeki faaliyetlerin s\u00fcrd\u00fcr\u00fclebilirlik prensiplerine g\u00f6re y\u00fcr\u00fct\u00fclebilmesi i\u00e7in \u00e7al\u0131\u015fmalar yap\u0131yoruz.\u2019\u2019<\/p>\n","protected":false},"excerpt":{"rendered":"<p>S\u00fcrd\u00fcr\u00fclebilirlik y\u00f6netimi hizmetleri vermek \u00fczere 2008 y\u0131l\u0131nda kurulan Altensis, sertifikaland\u0131r\u0131lm\u0131\u015f \u00e7evre dostu binalarda y\u00fczde 60&#8217;l\u0131k pazar pay\u0131yla lider durumda. Gayrimenkulde s\u00fcrd\u00fcr\u00fclebilirlik ve ye\u015fil bina konusuna odaklanan \u015firket, alan\u0131nda T\u00fcrkiye &#8216;yi pek \u00e7ok ilkle de tan\u0131\u015ft\u0131rd\u0131. T\u00fcrkiye ilk LEED sertifikal\u0131 ticari ofis, kapsaml\u0131 renovasyon ve mevcut bina projeleri, ilk BREEAM post construction sertifikal\u0131 proje, ilk LEED [&hellip;]<\/p>\n","protected":false},"author":2,"featured_media":0,"comment_status":"open","ping_status":"open","sticky":false,"template":"","format":"standard","meta":{"_mi_skip_tracking":false},"categories":[3],"tags":[92,93],"_links":{"self":[{"href":"https:\/\/www.altensis.com\/en\/wp-json\/wp\/v2\/posts\/5660"}],"collection":[{"href":"https:\/\/www.altensis.com\/en\/wp-json\/wp\/v2\/posts"}],"about":[{"href":"https:\/\/www.altensis.com\/en\/wp-json\/wp\/v2\/types\/post"}],"author":[{"embeddable":true,"href":"https:\/\/www.altensis.com\/en\/wp-json\/wp\/v2\/users\/2"}],"replies":[{"embeddable":true,"href":"https:\/\/www.altensis.com\/en\/wp-json\/wp\/v2\/comments?post=5660"}],"version-history":[{"count":3,"href":"https:\/\/www.altensis.com\/en\/wp-json\/wp\/v2\/posts\/5660\/revisions"}],"predecessor-version":[{"id":5664,"href":"https:\/\/www.altensis.com\/en\/wp-json\/wp\/v2\/posts\/5660\/revisions\/5664"}],"wp:attachment":[{"href":"https:\/\/www.altensis.com\/en\/wp-json\/wp\/v2\/media?parent=5660"}],"wp:term":[{"taxonomy":"category","embeddable":true,"href":"https:\/\/www.altensis.com\/en\/wp-json\/wp\/v2\/categories?post=5660"},{"taxonomy":"post_tag","embeddable":true,"href":"https:\/\/www.altensis.com\/en\/wp-json\/wp\/v2\/tags?post=5660"}],"curies":[{"name":"wp","href":"https:\/\/api.w.org\/{rel}","templated":true}]}}