{"id":2120,"date":"2012-09-27T11:32:11","date_gmt":"2012-09-27T08:32:11","guid":{"rendered":"http:\/\/www.altensis.com\/en\/?p=2120"},"modified":"2012-10-05T17:27:59","modified_gmt":"2012-10-05T14:27:59","slug":"altensis-binalari-yesillendiren-ekip-olarak-sabah-emlakta","status":"publish","type":"post","link":"https:\/\/www.altensis.com\/en\/2012\/09\/27\/altensis-binalari-yesillendiren-ekip-olarak-sabah-emlakta\/","title":{"rendered":"Binalar\u0131 &#8216;Ye\u015fil&#8217;lendiren Ekip"},"content":{"rendered":"<p>Altensis &#8220;Binalar\u0131 &#8216;Ye\u015fil&#8217;lendiren Ekip&#8221; olarak\u00a0Sabah Gazetesi Emlak ekinde&#8230;<\/p>\n<p>Ye\u015fil bina kriterlerine uygun bina yap\u0131m\u0131 s\u00fcre\u00e7lerini y\u00f6neten Altensis, bug\u00fcne kadar 20 projenin ye\u015fil bina sertifikas\u0131na dan\u0131\u015fmanl\u0131k etti ve 30 projede s\u00fcre\u00e7lere devam ediyor. Y\u00fczde 40 oran\u0131nda \u00a0enerji tasarrufundan\u00a0aidatlar\u0131n d\u00fc\u015f\u00fcr\u00fclmesine kadar bir\u00e7ok alanda maliyetlerin azalmas\u0131na yard\u0131mc\u0131 olan \u015firket, M\u00fctekabiliyet Yasas\u0131 ile birlikte ye\u015fil bina say\u0131s\u0131n\u0131n artaca\u011f\u0131 kan\u0131s\u0131nda.<\/p>\n<p>Haberin devam\u0131 i\u00e7in\u00a0<a href=\"https:\/\/www.altensis.com\/en\/wp-content\/uploads\/2012\/09\/27-EYL\u00dcL-2012-Altensis_Sabah-Emlak_YB-4.jpg\">t\u0131klay\u0131n\u0131z<\/a>&#8230;<\/p>\n<p>&nbsp;<\/p>\n<p>Kaynak: Sabah Emlak \/ 27 Eyl\u00fcl 2012<\/p>\n","protected":false},"excerpt":{"rendered":"<p>Altensis &#8220;Binalar\u0131 &#8216;Ye\u015fil&#8217;lendiren Ekip&#8221; olarak\u00a0Sabah Gazetesi Emlak ekinde&#8230; Ye\u015fil bina kriterlerine uygun bina yap\u0131m\u0131 s\u00fcre\u00e7lerini y\u00f6neten Altensis, bug\u00fcne kadar 20 projenin ye\u015fil bina sertifikas\u0131na dan\u0131\u015fmanl\u0131k etti ve 30 projede s\u00fcre\u00e7lere devam ediyor. Y\u00fczde 40 oran\u0131nda \u00a0enerji tasarrufundan\u00a0aidatlar\u0131n d\u00fc\u015f\u00fcr\u00fclmesine kadar bir\u00e7ok alanda maliyetlerin azalmas\u0131na yard\u0131mc\u0131 olan \u015firket, M\u00fctekabiliyet Yasas\u0131 ile birlikte ye\u015fil bina say\u0131s\u0131n\u0131n artaca\u011f\u0131 kan\u0131s\u0131nda. [&hellip;]<\/p>\n","protected":false},"author":1,"featured_media":0,"comment_status":"open","ping_status":"open","sticky":false,"template":"","format":"standard","meta":{"_mi_skip_tracking":false},"categories":[3],"tags":[],"_links":{"self":[{"href":"https:\/\/www.altensis.com\/en\/wp-json\/wp\/v2\/posts\/2120"}],"collection":[{"href":"https:\/\/www.altensis.com\/en\/wp-json\/wp\/v2\/posts"}],"about":[{"href":"https:\/\/www.altensis.com\/en\/wp-json\/wp\/v2\/types\/post"}],"author":[{"embeddable":true,"href":"https:\/\/www.altensis.com\/en\/wp-json\/wp\/v2\/users\/1"}],"replies":[{"embeddable":true,"href":"https:\/\/www.altensis.com\/en\/wp-json\/wp\/v2\/comments?post=2120"}],"version-history":[{"count":17,"href":"https:\/\/www.altensis.com\/en\/wp-json\/wp\/v2\/posts\/2120\/revisions"}],"predecessor-version":[{"id":2169,"href":"https:\/\/www.altensis.com\/en\/wp-json\/wp\/v2\/posts\/2120\/revisions\/2169"}],"wp:attachment":[{"href":"https:\/\/www.altensis.com\/en\/wp-json\/wp\/v2\/media?parent=2120"}],"wp:term":[{"taxonomy":"category","embeddable":true,"href":"https:\/\/www.altensis.com\/en\/wp-json\/wp\/v2\/categories?post=2120"},{"taxonomy":"post_tag","embeddable":true,"href":"https:\/\/www.altensis.com\/en\/wp-json\/wp\/v2\/tags?post=2120"}],"curies":[{"name":"wp","href":"https:\/\/api.w.org\/{rel}","templated":true}]}}