{"id":1371,"date":"2012-04-14T12:00:54","date_gmt":"2012-04-14T10:00:54","guid":{"rendered":"http:\/\/altensis.com\/en\/?p=1371"},"modified":"2012-07-09T15:52:20","modified_gmt":"2012-07-09T15:52:20","slug":"surdurulebilir-cephe-semineri-duzenlendi","status":"publish","type":"post","link":"https:\/\/www.altensis.com\/en\/2012\/04\/14\/surdurulebilir-cephe-semineri-duzenlendi\/","title":{"rendered":"S\u00fcrd\u00fcr\u00fclebilir Cephe Sistemleri Semineri D\u00fczenlendi"},"content":{"rendered":"<p><strong>EKODesign 2012 kapsam\u0131nda Altensis y\u00fcr\u00fct\u00fcc\u00fcl\u00fc\u011f\u00fcnde &#8216;S\u00fcrd\u00fcr\u00fclebilir Cephe Sistemleri&#8217;\u00a0 semineri d\u00fczenlendi&#8230;<\/strong><\/p>\n<div id=\"attachment_1374\" style=\"width: 510px\" class=\"wp-caption alignleft\"><a href=\"https:\/\/www.altensis.com\/en\/wp-content\/uploads\/2012\/05\/EKODesign_Cephe_Semineri.jpg\"><img aria-describedby=\"caption-attachment-1374\" decoding=\"async\" loading=\"lazy\" class=\"size-full wp-image-1374\" title=\"EKODesign_Cephe_Semineri\" src=\"https:\/\/www.altensis.com\/en\/wp-content\/uploads\/2012\/05\/EKODesign_Cephe_Semineri.jpg\" alt=\"\" width=\"500\" height=\"333\" srcset=\"https:\/\/www.altensis.com\/en\/wp-content\/uploads\/2012\/05\/EKODesign_Cephe_Semineri.jpg 500w, https:\/\/www.altensis.com\/en\/wp-content\/uploads\/2012\/05\/EKODesign_Cephe_Semineri-300x200.jpg 300w\" sizes=\"(max-width: 500px) 100vw, 500px\" \/><\/a><p id=\"caption-attachment-1374\" class=\"wp-caption-text\">Surdurulebilir Cephe Sistemleri Semineri<\/p><\/div>\n<p>Ye\u015fil bina dan\u0131\u015fmanl\u0131k ve m\u00fchendislik firmas\u0131 <strong>Altensis<\/strong> taraf\u0131ndan y\u00fcr\u00fct\u00fclen yar\u0131m g\u00fcnl\u00fck <strong>&#8216;S\u00fcrd\u00fcr\u00fclebilir Cephe Sistemleri&#8217;<\/strong> semineri; s\u00fcrd\u00fcr\u00fclebilir\u00a0 cephe sistemleri konusunu, mimarl\u0131k, enerji verimlili\u011fi, g\u00fcn\u0131\u015f\u0131\u011f\u0131, akustik,\u00a0 konstr\u00fcksiyon ve maliyet unsurlar\u0131 \u00fczerinden ele ald\u0131. Cephe dan\u0131\u015fman\u0131<strong>Salih Sekban<\/strong> ile \u0130ki Design Group mimar\u0131 <strong>Murat\u00a0 Kader<\/strong>&#8216;in tecr\u00fcbelerini payla\u015ft\u0131\u011f\u0131 seminerde, estetik, statik ve\u00a0 malzeme, konstr\u00fcksiyon ve maliyet ba\u015fl\u0131klar\u0131 de\u011ferlendirildi. Bu ba\u011flamda cam\u0131n\u00a0 statik dayan\u0131m\u0131, cephelerde r\u00fczgar ve deprem y\u00fck\u00fc konular\u0131na da\u00a0 de\u011finildi.<br \/>\nAt\u00f6lye kapsam\u0131nda, Altensis Enerji Y\u00f6neticisi <strong>Serkan\u00a0 Emin<\/strong>, cephe sistemlerinde &#8216;Enerji Verimlili\u011fi&#8217; ve &#8216;s\u00fcrd\u00fcr\u00fclebilir\u00a0 cephe&#8217; konular\u0131 \u00fczerine yo\u011funla\u015f\u0131rken Altensis Akustik Birimi Ba\u015f M\u00fchendisi <strong>Murat Tan<\/strong> da &#8216;Akustik&#8217; konular\u0131na vurgu yapt\u0131. Bu ba\u011flamda bina\u00a0 kabuklar\u0131nda akustik performans konusu; d\u0131\u015far\u0131daki aktivitelerin bina i\u00e7indeki\u00a0 huzuru etkilemesi, bina i\u00e7i yal\u0131t\u0131m ve bina i\u00e7indeki g\u00fcr\u00fclt\u00fcn\u00fcn d\u0131\u015far\u0131ya akmas\u0131 konular\u0131 \u00e7er\u00e7evesinde detayland\u0131r\u0131ld\u0131.<\/p>\n","protected":false},"excerpt":{"rendered":"<p>EKODesign 2012 kapsam\u0131nda Altensis y\u00fcr\u00fct\u00fcc\u00fcl\u00fc\u011f\u00fcnde &#8216;S\u00fcrd\u00fcr\u00fclebilir Cephe Sistemleri&#8217;\u00a0 semineri d\u00fczenlendi&#8230; Ye\u015fil bina dan\u0131\u015fmanl\u0131k ve m\u00fchendislik firmas\u0131 Altensis taraf\u0131ndan y\u00fcr\u00fct\u00fclen yar\u0131m g\u00fcnl\u00fck &#8216;S\u00fcrd\u00fcr\u00fclebilir Cephe Sistemleri&#8217; semineri; s\u00fcrd\u00fcr\u00fclebilir\u00a0 cephe sistemleri konusunu, mimarl\u0131k, enerji verimlili\u011fi, g\u00fcn\u0131\u015f\u0131\u011f\u0131, akustik,\u00a0 konstr\u00fcksiyon ve maliyet unsurlar\u0131 \u00fczerinden ele ald\u0131. Cephe dan\u0131\u015fman\u0131Salih Sekban ile \u0130ki Design Group mimar\u0131 Murat\u00a0 Kader&#8216;in tecr\u00fcbelerini payla\u015ft\u0131\u011f\u0131 seminerde, estetik, [&hellip;]<\/p>\n","protected":false},"author":1,"featured_media":0,"comment_status":"open","ping_status":"open","sticky":false,"template":"","format":"standard","meta":{"_mi_skip_tracking":false},"categories":[3],"tags":[],"_links":{"self":[{"href":"https:\/\/www.altensis.com\/en\/wp-json\/wp\/v2\/posts\/1371"}],"collection":[{"href":"https:\/\/www.altensis.com\/en\/wp-json\/wp\/v2\/posts"}],"about":[{"href":"https:\/\/www.altensis.com\/en\/wp-json\/wp\/v2\/types\/post"}],"author":[{"embeddable":true,"href":"https:\/\/www.altensis.com\/en\/wp-json\/wp\/v2\/users\/1"}],"replies":[{"embeddable":true,"href":"https:\/\/www.altensis.com\/en\/wp-json\/wp\/v2\/comments?post=1371"}],"version-history":[{"count":3,"href":"https:\/\/www.altensis.com\/en\/wp-json\/wp\/v2\/posts\/1371\/revisions"}],"predecessor-version":[{"id":1457,"href":"https:\/\/www.altensis.com\/en\/wp-json\/wp\/v2\/posts\/1371\/revisions\/1457"}],"wp:attachment":[{"href":"https:\/\/www.altensis.com\/en\/wp-json\/wp\/v2\/media?parent=1371"}],"wp:term":[{"taxonomy":"category","embeddable":true,"href":"https:\/\/www.altensis.com\/en\/wp-json\/wp\/v2\/categories?post=1371"},{"taxonomy":"post_tag","embeddable":true,"href":"https:\/\/www.altensis.com\/en\/wp-json\/wp\/v2\/tags?post=1371"}],"curies":[{"name":"wp","href":"https:\/\/api.w.org\/{rel}","templated":true}]}}